{"id":3076,"date":"2026-08-18T09:33:33","date_gmt":"2026-08-18T07:33:33","guid":{"rendered":"https:\/\/www.urbem.eu\/wordpress\/?p=3076"},"modified":"2026-09-01T09:36:34","modified_gmt":"2026-09-01T07:36:34","slug":"obras-de-reordenacion-y-pavimentacion-en-los-viales-de-la-zona-oeste-del-sardinero","status":"publish","type":"post","link":"https:\/\/www.urbem.eu\/wordpress\/?p=3076","title":{"rendered":"Obras de reordenaci\u00f3n y pavimentaci\u00f3n en los viales de la zona oeste del Sardinero"},"content":{"rendered":"\n<p class=\"wp-block-paragraph\">Santander, Cantabria.<\/p>\n\n\n\n<p class=\"wp-block-paragraph\">El pasado 18 de agosto, comenzaron las obras de reordenaci\u00f3n y pavimentaci\u00f3n en los viales de la zona oeste del Sardinero, calles &nbsp;Luis Mart\u00ednez y Ram\u00f3n y Cajal, en sus tramos oeste, as\u00ed como a Teniente Fuentes Pila, Roc\u00edo y Calatayud.<\/p>\n\n\n\n<!--more-->\n\n\n\n<figure class=\"wp-block-image size-full\"><img loading=\"lazy\" decoding=\"async\" width=\"594\" height=\"418\" src=\"https:\/\/www.urbem.eu\/wordpress\/wp-content\/uploads\/2026\/09\/image.png\" alt=\"\" class=\"wp-image-3077\" srcset=\"https:\/\/www.urbem.eu\/wordpress\/wp-content\/uploads\/2026\/09\/image.png 594w, https:\/\/www.urbem.eu\/wordpress\/wp-content\/uploads\/2026\/09\/image-300x211.png 300w\" sizes=\"auto, (max-width: 594px) 100vw, 594px\" \/><figcaption class=\"wp-element-caption\">\u00a9Juanjo Santamar\u00eda DM<\/figcaption><\/figure>\n\n\n\n<p class=\"wp-block-paragraph\">La adjudicataria de la obra es la empresa SENOR, que regenerar\u00e1 la trama urbana y mejorar\u00e1 la accesibilidad mediante la renovaci\u00f3n de pavimentos, bordillos, mobiliario urbano as\u00ed como de las canalizaciones de los diferentes servicios.<\/p>\n\n\n\n<figure class=\"wp-block-image size-full\"><img loading=\"lazy\" decoding=\"async\" width=\"924\" height=\"755\" src=\"https:\/\/www.urbem.eu\/wordpress\/wp-content\/uploads\/2026\/09\/image-1.png\" alt=\"\" class=\"wp-image-3078\" srcset=\"https:\/\/www.urbem.eu\/wordpress\/wp-content\/uploads\/2026\/09\/image-1.png 924w, https:\/\/www.urbem.eu\/wordpress\/wp-content\/uploads\/2026\/09\/image-1-300x245.png 300w, https:\/\/www.urbem.eu\/wordpress\/wp-content\/uploads\/2026\/09\/image-1-767x627.png 767w\" sizes=\"auto, (max-width: 924px) 100vw, 924px\" \/><figcaption class=\"wp-element-caption\">Planta general de la actuaci\u00f3n<\/figcaption><\/figure>\n","protected":false},"excerpt":{"rendered":"<p>Santander, Cantabria. El pasado 18 de agosto, comenzaron las obras de reordenaci\u00f3n y pavimentaci\u00f3n en los viales de la zona oeste del Sardinero, calles &nbsp;Luis Mart\u00ednez y Ram\u00f3n y Cajal, en sus tramos oeste, as\u00ed como a Teniente Fuentes Pila, Roc\u00edo y Calatayud.<\/p>\n","protected":false},"author":5,"featured_media":3079,"comment_status":"closed","ping_status":"closed","sticky":false,"template":"","format":"standard","meta":{"footnotes":""},"categories":[11,68],"tags":[98,10],"class_list":["post-3076","post","type-post","status-publish","format-standard","has-post-thumbnail","hentry","category-infraestructuras","category-movilidad-y-renovacion-urbana","tag-pavimentacion","tag-santander"],"_links":{"self":[{"href":"https:\/\/www.urbem.eu\/wordpress\/index.php?rest_route=\/wp\/v2\/posts\/3076","targetHints":{"allow":["GET"]}}],"collection":[{"href":"https:\/\/www.urbem.eu\/wordpress\/index.php?rest_route=\/wp\/v2\/posts"}],"about":[{"href":"https:\/\/www.urbem.eu\/wordpress\/index.php?rest_route=\/wp\/v2\/types\/post"}],"author":[{"embeddable":true,"href":"https:\/\/www.urbem.eu\/wordpress\/index.php?rest_route=\/wp\/v2\/users\/5"}],"replies":[{"embeddable":true,"href":"https:\/\/www.urbem.eu\/wordpress\/index.php?rest_route=%2Fwp%2Fv2%2Fcomments&post=3076"}],"version-history":[{"count":2,"href":"https:\/\/www.urbem.eu\/wordpress\/index.php?rest_route=\/wp\/v2\/posts\/3076\/revisions"}],"predecessor-version":[{"id":3082,"href":"https:\/\/www.urbem.eu\/wordpress\/index.php?rest_route=\/wp\/v2\/posts\/3076\/revisions\/3082"}],"wp:featuredmedia":[{"embeddable":true,"href":"https:\/\/www.urbem.eu\/wordpress\/index.php?rest_route=\/wp\/v2\/media\/3079"}],"wp:attachment":[{"href":"https:\/\/www.urbem.eu\/wordpress\/index.php?rest_route=%2Fwp%2Fv2%2Fmedia&parent=3076"}],"wp:term":[{"taxonomy":"category","embeddable":true,"href":"https:\/\/www.urbem.eu\/wordpress\/index.php?rest_route=%2Fwp%2Fv2%2Fcategories&post=3076"},{"taxonomy":"post_tag","embeddable":true,"href":"https:\/\/www.urbem.eu\/wordpress\/index.php?rest_route=%2Fwp%2Fv2%2Ftags&post=3076"}],"curies":[{"name":"wp","href":"https:\/\/api.w.org\/{rel}","templated":true}]}}