{"id":3083,"date":"2026-06-01T10:38:42","date_gmt":"2026-06-01T08:38:42","guid":{"rendered":"https:\/\/www.urbem.eu\/wordpress\/?p=3083"},"modified":"2026-09-02T10:41:15","modified_gmt":"2026-09-02T08:41:15","slug":"proyecto-de-urbanizacion-plan-parcial-el-valle-pol-1","status":"publish","type":"post","link":"https:\/\/www.urbem.eu\/wordpress\/?p=3083","title":{"rendered":"Proyecto de urbanizaci\u00f3n Plan Parcial \u00abEl Valle\u00bb Pol.1"},"content":{"rendered":"\n<p class=\"wp-block-paragraph\">Torrelavega, Cantabria.<\/p>\n\n\n\n<p class=\"has-text-align-left wp-block-paragraph\">La actuaci\u00f3n proyectada tiene como objetivo la urbanizaci\u00f3n integral del \u00e1mbito, mediante la ejecuci\u00f3n de viales, aceras y franjas de estacionamiento, junto con la implantaci\u00f3n y mejora de las infraestructuras de servicios urbanos. <\/p>\n\n\n\n<!--more-->\n\n\n\n<p class=\"has-text-align-left wp-block-paragraph\">Se plantea una reconfiguraci\u00f3n de los espacios p\u00fablicos que favorezca la accesibilidad, la seguridad y la funcionalidad del entorno residencial y productivo.<\/p>\n\n\n\n<figure class=\"wp-block-image size-full\"><img loading=\"lazy\" decoding=\"async\" width=\"505\" height=\"813\" src=\"https:\/\/www.urbem.eu\/wordpress\/wp-content\/uploads\/2026\/09\/image-5.png\" alt=\"\" class=\"wp-image-3086\" srcset=\"https:\/\/www.urbem.eu\/wordpress\/wp-content\/uploads\/2026\/09\/image-5.png 505w, https:\/\/www.urbem.eu\/wordpress\/wp-content\/uploads\/2026\/09\/image-5-186x300.png 186w\" sizes=\"auto, (max-width: 505px) 100vw, 505px\" \/><figcaption class=\"wp-element-caption\"><em>Planta de urbanizaci\u00f3n<\/em><\/figcaption><\/figure>\n\n\n\n<p class=\"wp-block-paragraph\">El proyecto incluye la renovaci\u00f3n y ampliaci\u00f3n de las redes de abastecimiento, saneamiento y pluviales, para dar servicio a las edificaciones que posteriormente se construir\u00e1n como desarrollo del \u00e1mbito de actuaci\u00f3n. Igualmente, se prev\u00e9 la implantaci\u00f3n<br>de una nueva red de alumbrado p\u00fablico, para la iluminaci\u00f3n de los viales de este pol\u00edgono, valorando las actuaciones sobre otros servicios urbanos como las telecomunicaciones, electricidad o gas, en coordinaci\u00f3n con las compa\u00f1\u00edas suministradoras correspondientes.<\/p>\n\n\n\n<p class=\"wp-block-paragraph\"><\/p>\n","protected":false},"excerpt":{"rendered":"<p>Torrelavega, Cantabria. La actuaci\u00f3n proyectada tiene como objetivo la urbanizaci\u00f3n integral del \u00e1mbito, mediante la ejecuci\u00f3n de viales, aceras y franjas de estacionamiento, junto con la implantaci\u00f3n y mejora de las infraestructuras de servicios urbanos.<\/p>\n","protected":false},"author":5,"featured_media":3085,"comment_status":"closed","ping_status":"closed","sticky":false,"template":"","format":"standard","meta":{"footnotes":""},"categories":[39],"tags":[66,67,45],"class_list":["post-3083","post","type-post","status-publish","format-standard","has-post-thumbnail","hentry","category-desarrollo-urbanistico","tag-el-valle","tag-torrelavega","tag-urbanizacion"],"_links":{"self":[{"href":"https:\/\/www.urbem.eu\/wordpress\/index.php?rest_route=\/wp\/v2\/posts\/3083","targetHints":{"allow":["GET"]}}],"collection":[{"href":"https:\/\/www.urbem.eu\/wordpress\/index.php?rest_route=\/wp\/v2\/posts"}],"about":[{"href":"https:\/\/www.urbem.eu\/wordpress\/index.php?rest_route=\/wp\/v2\/types\/post"}],"author":[{"embeddable":true,"href":"https:\/\/www.urbem.eu\/wordpress\/index.php?rest_route=\/wp\/v2\/users\/5"}],"replies":[{"embeddable":true,"href":"https:\/\/www.urbem.eu\/wordpress\/index.php?rest_route=%2Fwp%2Fv2%2Fcomments&post=3083"}],"version-history":[{"count":2,"href":"https:\/\/www.urbem.eu\/wordpress\/index.php?rest_route=\/wp\/v2\/posts\/3083\/revisions"}],"predecessor-version":[{"id":3088,"href":"https:\/\/www.urbem.eu\/wordpress\/index.php?rest_route=\/wp\/v2\/posts\/3083\/revisions\/3088"}],"wp:featuredmedia":[{"embeddable":true,"href":"https:\/\/www.urbem.eu\/wordpress\/index.php?rest_route=\/wp\/v2\/media\/3085"}],"wp:attachment":[{"href":"https:\/\/www.urbem.eu\/wordpress\/index.php?rest_route=%2Fwp%2Fv2%2Fmedia&parent=3083"}],"wp:term":[{"taxonomy":"category","embeddable":true,"href":"https:\/\/www.urbem.eu\/wordpress\/index.php?rest_route=%2Fwp%2Fv2%2Fcategories&post=3083"},{"taxonomy":"post_tag","embeddable":true,"href":"https:\/\/www.urbem.eu\/wordpress\/index.php?rest_route=%2Fwp%2Fv2%2Ftags&post=3083"}],"curies":[{"name":"wp","href":"https:\/\/api.w.org\/{rel}","templated":true}]}}